{"id":1213,"date":"2025-09-23T19:31:14","date_gmt":"2025-09-23T17:31:14","guid":{"rendered":"https:\/\/www.rasquinet.org\/w\/?p=1213"},"modified":"2025-09-27T00:22:27","modified_gmt":"2025-09-26T22:22:27","slug":"programmes-activites-septembre-2025-a-juin-2026","status":"publish","type":"post","link":"https:\/\/www.rasquinet.org\/w\/programmes-activites-septembre-2025-a-juin-2026\/","title":{"rendered":"Programmes activit\u00e9s septembre 2025 \u00e0 juin 2026"},"content":{"rendered":"\n<figure class=\"wp-block-image\"><img loading=\"lazy\" decoding=\"async\" width=\"300\" height=\"169\" src=\"https:\/\/www.rasquinet.org\/w\/wp-content\/uploads\/2019\/10\/programmeateliers01-300x169.png\" alt=\"\" class=\"wp-image-400\" srcset=\"https:\/\/www.rasquinet.org\/w\/wp-content\/uploads\/2019\/10\/programmeateliers01-300x169.png 300w, https:\/\/www.rasquinet.org\/w\/wp-content\/uploads\/2019\/10\/programmeateliers01-768x432.png 768w, https:\/\/www.rasquinet.org\/w\/wp-content\/uploads\/2019\/10\/programmeateliers01.png 800w, https:\/\/www.rasquinet.org\/w\/wp-content\/uploads\/2019\/10\/programmeateliers01-700x393.png 700w\" sizes=\"auto, (max-width: 300px) 100vw, 300px\" \/><\/figure>\n\n\n\n<p>Vous trouverez ci-dessous le lien vers les diff\u00e9rents programmes d\u2019activit\u00e9s pour la p\u00e9riode septembre 2025 &#8211; juin 2026 :<\/p>\n\n\n\n<p><br>&#8211; Pour les enfants de 1\u00e8re et 2\u00e8me primaire <a href=\"https:\/\/www.rasquinet.org\/w\/wp-content\/uploads\/2025\/09\/ateliers-et-inscription-1ere-2ieme-septjuin2026.pdf\" target=\"_blank\" rel=\"noreferrer noopener\">cliquez ici    <\/a><br>&#8211; Pour les enfants de 3\u00e8me et 4\u00e8me primaire <a href=\"https:\/\/www.rasquinet.org\/w\/wp-content\/uploads\/2025\/09\/ateliers-et-inscription-3ieme-4ieme-septjuin2026.pdf\" target=\"_blank\" rel=\"noreferrer noopener\">cliquez ici  <\/a><br>&#8211; Pour les enfants de 5\u00e8me et 6\u00e8me primaire&nbsp;<a href=\"https:\/\/www.rasquinet.org\/w\/wp-content\/uploads\/2025\/09\/ateliers-et-inscription-5ieme-6ieme-septjuin2026.pdf\" target=\"_blank\" rel=\"noreferrer noopener\">cliquez ici <\/a><\/p>\n\n\n\n<p>&#8211; Les ateliers du Mercredi pour les 7 \u00e0 10 ans et pour les 10 \u00e0 15 ans <a href=\"https:\/\/www.rasquinet.org\/w\/wp-content\/uploads\/2025\/09\/ateliers-et-inscription-mercredi-septjuin2026.pdf\" target=\"_blank\" rel=\"noreferrer noopener\">cliquez ici <\/a><br><\/p>\n","protected":false},"excerpt":{"rendered":"<p>Vous trouverez ci-dessous le lien vers les diff\u00e9rents programmes d\u2019activit\u00e9s pour la p\u00e9riode septembre 2025 &#8211; juin 2026 : &#8211; Pour les enfants de 1\u00e8re et 2\u00e8me primaire cliquez ici &#8211; Pour les enfants de 3\u00e8me et 4\u00e8me primaire cliquez ici &#8211; Pour les enfants de 5\u00e8me et 6\u00e8me primaire&nbsp;cliquez &#8230;<\/p>\n","protected":false},"author":2,"featured_media":400,"comment_status":"closed","ping_status":"closed","sticky":true,"template":"","format":"standard","meta":{"footnotes":""},"categories":[2,3],"tags":[],"class_list":["post-1213","post","type-post","status-publish","format-standard","has-post-thumbnail","hentry","category-agenda","category-notre-actu","column","threecol","has-thumbnail"],"_links":{"self":[{"href":"https:\/\/www.rasquinet.org\/w\/wp-json\/wp\/v2\/posts\/1213","targetHints":{"allow":["GET"]}}],"collection":[{"href":"https:\/\/www.rasquinet.org\/w\/wp-json\/wp\/v2\/posts"}],"about":[{"href":"https:\/\/www.rasquinet.org\/w\/wp-json\/wp\/v2\/types\/post"}],"author":[{"embeddable":true,"href":"https:\/\/www.rasquinet.org\/w\/wp-json\/wp\/v2\/users\/2"}],"replies":[{"embeddable":true,"href":"https:\/\/www.rasquinet.org\/w\/wp-json\/wp\/v2\/comments?post=1213"}],"version-history":[{"count":3,"href":"https:\/\/www.rasquinet.org\/w\/wp-json\/wp\/v2\/posts\/1213\/revisions"}],"predecessor-version":[{"id":1220,"href":"https:\/\/www.rasquinet.org\/w\/wp-json\/wp\/v2\/posts\/1213\/revisions\/1220"}],"wp:featuredmedia":[{"embeddable":true,"href":"https:\/\/www.rasquinet.org\/w\/wp-json\/wp\/v2\/media\/400"}],"wp:attachment":[{"href":"https:\/\/www.rasquinet.org\/w\/wp-json\/wp\/v2\/media?parent=1213"}],"wp:term":[{"taxonomy":"category","embeddable":true,"href":"https:\/\/www.rasquinet.org\/w\/wp-json\/wp\/v2\/categories?post=1213"},{"taxonomy":"post_tag","embeddable":true,"href":"https:\/\/www.rasquinet.org\/w\/wp-json\/wp\/v2\/tags?post=1213"}],"curies":[{"name":"wp","href":"https:\/\/api.w.org\/{rel}","templated":true}]}}